{"id":94976,"date":"2026-01-27T23:40:25","date_gmt":"2026-01-28T04:40:25","guid":{"rendered":"https:\/\/www.curejm.org\/?p=94976"},"modified":"2026-01-27T23:47:42","modified_gmt":"2026-01-28T04:47:42","slug":"encontrar-la-fuerza-la-historia-de-rachel","status":"publish","type":"post","link":"https:\/\/www.curejm.org\/es\/finding-strength-rachels-story\/","title":{"rendered":"Encontrar la fuerza: la historia de Rachel"},"content":{"rendered":"<p class=\"wp-block-paragraph\"><em>Esta historia familiar se comparti\u00f3 originalmente con Cure JM y sigue formando parte de la colecci\u00f3n de Historias de esperanza de nuestra comunidad. Cada experiencia con la JM es \u00fanica, y las vivencias de las familias pueden cambiar con el tiempo.<\/em><\/p>\n\n\n\n<p class=\"wp-block-paragraph\">Rachel era una ni\u00f1a normal de siete a\u00f1os. Le encantaba estar activa. Estaba llena de vitalidad. Pero justo antes de cumplir ocho a\u00f1os, comenz\u00f3 a sufrir un dolor intenso y debilidad muscular. <strong>No hab\u00eda ning\u00fan reumat\u00f3logo pedi\u00e1trico en la ciudad donde viv\u00eda su familia. <\/strong>Sin embargo, su caso de dermatomiositis juvenil era tan grave que, cuando la trasladaron al Hospital Infantil de Phoenix, su estado no mejor\u00f3.\u00a0<\/p>\n\n\n\n<p class=\"wp-block-paragraph\">En ese momento a\u00fan pod\u00eda tragar, por lo que los doctores insistieron en administrarle esteroides por v\u00eda oral en lugar de colocarle un puerto. Poco despu\u00e9s, su estado empeor\u00f3. La ingresaron en la UCI. Cada d\u00eda era m\u00e1s sombr\u00edo que el anterior. El caso de Rachel era uno de esos casos raros de los que no se oye hablar a menudo, uno de los m\u00e1s graves que se puedan imaginar. Durante tres semanas estuvo en coma y respirando a trav\u00e9s de un tubo. Sus ri\u00f1ones fallaron. Estuvo en di\u00e1lisis las 24 horas del d\u00eda y recibi\u00f3 transfusiones de sangre. No hay palabras para describir el dolor que sufri\u00f3 esta familia durante ese periodo tan dif\u00edcil.\u00a0\u00a0<\/p>\n\n\n\n<blockquote class=\"wp-block-quote is-layout-flow wp-block-quote-is-layout-flow\">\n<p class=\"wp-block-paragraph\">\u201cQuiero olvidar la mayor\u00eda de estos detalles\u201d, admite Cheryl, la mam\u00e1 de Rachel. \u201cEs desgarrador, pero te cambia la vida\u201d.\u201d\u00a0<\/p>\n<\/blockquote>\n\n\n\n<p class=\"wp-block-paragraph\">Durante ese tiempo, su familia encontr\u00f3 un hogar en la p\u00e1gina de Facebook de Cure JM. Al conocer a personas incre\u00edbles de Cure JM, les presentaron a un nuevo m\u00e9dico. Este m\u00e9dico salv\u00f3 la vida de Rachel. Durante un mes, Rachel estuvo ingresada en rehabilitaci\u00f3n para volver a aprender todas las habilidades que hab\u00eda perdido. Ahora, Rachel tiene 11 a\u00f1os. Esta primavera comenz\u00f3 a ir al colegio presencialmente. Cada semana se fortalece m\u00e1s en sus citas de fisioterapia. Todav\u00eda usa un andador o una silla de ruedas cuando su familia sale de compras o viaja, y pasa dos d\u00edas al mes recibiendo infusiones de IVIG y solumedrol. Poco a poco, est\u00e1 recuperando su cuerpo. Por muy doloroso que fuera, Cheryl nunca perdi\u00f3 la esperanza. Incluso en los momentos m\u00e1s dif\u00edciles, la luz fuerte y sostenida de la fe de su propia madre le recordaba que siempre deb\u00eda seguir adelante.<\/p>\n\n\n\n<blockquote class=\"wp-block-quote is-layout-flow wp-block-quote-is-layout-flow\">\n<p class=\"wp-block-paragraph\">\u201cLa buena noticia es que sus an\u00e1lisis han estado dentro de los valores normales durante los \u00faltimos cinco meses. Ella sigue inspir\u00e1ndonos con su resiliencia.\u201d<\/p>\n<\/blockquote>\n\n\n\n<p class=\"wp-block-paragraph\">Su familia ha retribuido a Cure JM. Donan porque quieren ayudar a otras familias. Pero tambi\u00e9n apoyan a la comunidad de manera relacional. Otra familia que vive lejos tambi\u00e9n ten\u00eda una hija con un caso grave. Cuando la hija ingres\u00f3 en la UCI, un l\u00edder de Cure JM puso en contacto a Cheryl con el padre de la ni\u00f1a. Cheryl y su familia compartieron su experiencia y \u00e1nimos con el padre por tel\u00e9fono. Tomaron la esperanza que les dieron cuando su propia Rachel estaba en la UCI y se la transmitieron a esta familia. Hoy en d\u00eda, esa ni\u00f1a juega al hockey sobre hielo. Ella y su familia han vivido su propia historia de esperanza.&nbsp;<\/p>\n\n\n\n<p class=\"wp-block-paragraph\">\u201cCada historia de JDM es diferente\u201d, reconoce Cheryl. El caso de su hija fue especialmente grave, y admite que era f\u00e1cil sentir envidia de las historias de los dem\u00e1s. Pero ellos quieren que todos los ni\u00f1os con JM recuperen sus fuerzas y recuperen su vida, independientemente de los detalles de la historia.&nbsp;<\/p>\n\n\n\n<blockquote class=\"wp-block-quote is-layout-flow wp-block-quote-is-layout-flow\">\n<p class=\"wp-block-paragraph\">\u201cNuestra Rachel pronto lo lograr\u00e1. Nunca pierdas la esperanza. Seguimos rezando y siempre estamos agradecidos por todas nuestras bendiciones\u201d.\u201d<\/p>\n<\/blockquote>\n\n\n\n<p class=\"wp-block-paragraph\">Cheryl anima a otras familias a ver lo bueno y seguir creyendo que hay luz al final del t\u00fanel. Su consejo pr\u00e1ctico para las nuevas familias est\u00e1 relacionado con el tratamiento de Rachel. Ella sospecha que si su hija hubiera recibido tratamientos con dosis altas de solumedrol desde el principio, podr\u00eda haber conservado algo de fuerza en los m\u00fasculos. Cuando llegaron al Hospital Infantil hace a\u00f1os, Rachel todav\u00eda pod\u00eda caminar. Pero las pocas fuerzas que ten\u00eda se deterioraron r\u00e1pidamente.<\/p>\n\n\n\n<blockquote class=\"wp-block-quote is-layout-flow wp-block-quote-is-layout-flow\">\n<p class=\"wp-block-paragraph\">\u201cLas familias con reci\u00e9n diagnosticados tendr\u00e1n que pensar seriamente en esto: preservar las pocas fuerzas que les quedan a estos ni\u00f1os y hacerlos m\u00e1s fuertes\u201d.\u201d<\/p>\n<\/blockquote>\n\n\n\n<p class=\"wp-block-paragraph\">Los \u00faltimos cuatro a\u00f1os han sido dif\u00edciles, pero la familia de Rachel tiene esperanzas en lo que les depara los pr\u00f3ximos cuatro a\u00f1os. Su gratitud y fe les han permitido ver lo bueno que ha habido en el camino. Cada d\u00eda su cuerpo se fortalece m\u00e1s. Su esp\u00edritu de perseverancia no hace m\u00e1s que crecer. La vida de Rachel sigue llena de posibilidades. Posibilidades y esperanza.&nbsp;<\/p>\n\n\n\n<figure class=\"wp-block-image size-full\"><img fetchpriority=\"high\" decoding=\"async\" width=\"726\" height=\"589\" src=\"https:\/\/www.curejm.org\/wp-content\/uploads\/Screenshot-2026-01-27-223542.jpg\" alt=\"\" class=\"wp-image-94979\" srcset=\"https:\/\/www.curejm.org\/wp-content\/uploads\/Screenshot-2026-01-27-223542.jpg 726w, https:\/\/www.curejm.org\/wp-content\/uploads\/Screenshot-2026-01-27-223542-500x406.jpg 500w, https:\/\/www.curejm.org\/wp-content\/uploads\/Screenshot-2026-01-27-223542-15x12.jpg 15w\" sizes=\"(max-width: 726px) 100vw, 726px\" \/><\/figure>","protected":false},"excerpt":{"rendered":"<p>This family story was originally shared with Cure JM and remains part of our community\u2019s collection of Stories of Hope. Each JM journey is unique, and families\u2019 experiences may change over time. Rachel was a regular seven year old. She loved activity. She was filled with vitality. But right before she turned eight, she began [&hellip;]<\/p>\n","protected":false},"author":24,"featured_media":94982,"comment_status":"closed","ping_status":"closed","sticky":false,"template":"","format":"standard","meta":{"_seopress_titles_title":"","_seopress_titles_desc":"","_seopress_robots_index":"","_seopress_robots_follow":"","_seopress_robots_imageindex":"","_seopress_robots_snippet":"","_seopress_robots_primary_cat":"none","_seopress_robots_breadcrumbs":"","_seopress_robots_freeze_modified_date":"","_seopress_robots_custom_modified_date":"","_seopress_robots_canonical":"","_seopress_social_fb_title":"","_seopress_social_fb_desc":"","_seopress_social_fb_img":"","_seopress_social_fb_img_attachment_id":0,"_seopress_social_fb_img_width":0,"_seopress_social_fb_img_height":0,"_seopress_social_twitter_title":"","_seopress_social_twitter_desc":"","_seopress_social_twitter_img":"","_seopress_social_twitter_img_attachment_id":0,"_seopress_social_twitter_img_width":0,"_seopress_social_twitter_img_height":0,"_seopress_redirections_value":"","_seopress_redirections_enabled":"","_seopress_redirections_enabled_regex":"","_seopress_redirections_logged_status":"both","_seopress_redirections_param":"","_seopress_redirections_type":301,"_seopress_analysis_target_kw":"","_seopress_news_disabled":"","_seopress_video_disabled":"","_seopress_video":[],"_seopress_pro_schemas_manual":[],"_seopress_pro_rich_snippets_disable_all":"","_seopress_pro_rich_snippets_disable":[],"_seopress_pro_schemas":[],"footnotes":""},"categories":[1],"post_tag":[74],"class_list":["post-94976","post","type-post","status-publish","format-standard","has-post-thumbnail","hentry","category-uncategorized","tag-page-stories-of-hope"],"_links":{"self":[{"href":"https:\/\/www.curejm.org\/es\/wp-json\/wp\/v2\/posts\/94976","targetHints":{"allow":["GET"]}}],"collection":[{"href":"https:\/\/www.curejm.org\/es\/wp-json\/wp\/v2\/posts"}],"about":[{"href":"https:\/\/www.curejm.org\/es\/wp-json\/wp\/v2\/types\/post"}],"author":[{"embeddable":true,"href":"https:\/\/www.curejm.org\/es\/wp-json\/wp\/v2\/users\/24"}],"replies":[{"embeddable":true,"href":"https:\/\/www.curejm.org\/es\/wp-json\/wp\/v2\/comments?post=94976"}],"version-history":[{"count":0,"href":"https:\/\/www.curejm.org\/es\/wp-json\/wp\/v2\/posts\/94976\/revisions"}],"wp:featuredmedia":[{"embeddable":true,"href":"https:\/\/www.curejm.org\/es\/wp-json\/wp\/v2\/media\/94982"}],"wp:attachment":[{"href":"https:\/\/www.curejm.org\/es\/wp-json\/wp\/v2\/media?parent=94976"}],"wp:term":[{"taxonomy":"category","embeddable":true,"href":"https:\/\/www.curejm.org\/es\/wp-json\/wp\/v2\/categories?post=94976"},{"taxonomy":"post_tag","embeddable":true,"href":"https:\/\/www.curejm.org\/es\/wp-json\/wp\/v2\/post_tag?post=94976"}],"curies":[{"name":"wp","href":"https:\/\/api.w.org\/{rel}","templated":true}]}}