{"id":38640,"date":"2023-10-23T21:12:00","date_gmt":"2023-10-24T01:12:00","guid":{"rendered":"https:\/\/www.curejm.org\/?p=38640"},"modified":"2024-09-19T14:36:43","modified_gmt":"2024-09-19T18:36:43","slug":"apeekinsideprogress","status":"publish","type":"post","link":"https:\/\/www.curejm.org\/es\/apeekinsideprogress\/","title":{"rendered":"Un vistazo al progreso"},"content":{"rendered":"<figure class=\"wp-block-embed is-type-video is-provider-youtube wp-block-embed-youtube wp-embed-aspect-16-9 wp-has-aspect-ratio\"><div class=\"wp-block-embed__wrapper\">\n<iframe title=\"Ayuntamiento - Un vistazo al progreso impulsado por ti\" width=\"800\" height=\"450\" src=\"https:\/\/www.youtube.com\/embed\/ZDWFyizb0Go?feature=oembed\" frameborder=\"0\" allow=\"accelerometer; autoplay; clipboard-write; encrypted-media; gyroscope; picture-in-picture; web-share\" allowfullscreen><\/iframe>\n<\/div><\/figure>\n\n\n\n<p class=\"wp-block-paragraph\">Con la llegada del nuevo a\u00f1o, se abre un horizonte esperanzador para Cure JM. Damos las gracias a nuestra comunidad de Cure JM por su extraordinario compromiso con la financiaci\u00f3n de nuevas investigaciones a medida que avanzamos hacia 2024. Celebre los logros con nosotros y repase el impacto de nuestra comunidad y nuestros objetivos para el nuevo a\u00f1o. <\/p>\n\n\n\n<p class=\"wp-block-paragraph\">Jim Minow, Director Ejecutivo, nos pone al d\u00eda sobre los \u00faltimos avances en investigaci\u00f3n, las nuevas opciones de tratamiento y los planes para ampliar la red de atenci\u00f3n cl\u00ednica de Cure JM. <\/p>\n\n\n\n<p class=\"wp-block-paragraph\">Andrew Heaton, Director Cient\u00edfico, pone al d\u00eda a las familias con la informaci\u00f3n m\u00e1s reciente sobre los nuevos tratamientos en el horizonte, incluidos el deucravacitinib y la vamorolona. <\/p>\n\n\n\n<p class=\"wp-block-paragraph\">Shannon Malloy, Directora de Participaci\u00f3n Familiar y Comunitaria, habla de las \u00faltimas novedades en los programas de formaci\u00f3n de m\u00e9dicos, los programas de educaci\u00f3n y apoyo a las familias y nuestros planes para las conexiones familiares en el pr\u00f3ximo a\u00f1o. <\/p>\n\n\n\n<p class=\"wp-block-paragraph\">Haga clic en la imagen de arriba para ver la presentaci\u00f3n informativa.<\/p>","protected":false},"excerpt":{"rendered":"<p>En enero, Cure JM present\u00f3 un ayuntamiento sobre los logros de 2023 y los objetivos para 2024.<\/p>","protected":false},"author":24,"featured_media":38641,"comment_status":"closed","ping_status":"closed","sticky":false,"template":"","format":"standard","meta":{"_seopress_titles_title":"","_seopress_titles_desc":"","_seopress_robots_index":"","_seopress_robots_follow":"","_seopress_robots_imageindex":"","_seopress_robots_snippet":"","_seopress_robots_primary_cat":"none","_seopress_robots_breadcrumbs":"","_seopress_robots_freeze_modified_date":"","_seopress_robots_custom_modified_date":"","_seopress_robots_canonical":"","_seopress_social_fb_title":"","_seopress_social_fb_desc":"","_seopress_social_fb_img":"https:\/\/www.curejm.org\/wp-content\/uploads\/Cure-JM-Town-Hall-YouTube-Thumbnail-4.jpg","_seopress_social_fb_img_attachment_id":38641,"_seopress_social_fb_img_width":1280,"_seopress_social_fb_img_height":720,"_seopress_social_twitter_title":"","_seopress_social_twitter_desc":"","_seopress_social_twitter_img":"https:\/\/www.curejm.org\/wp-content\/uploads\/Cure-JM-Town-Hall-YouTube-Thumbnail-4.jpg","_seopress_social_twitter_img_attachment_id":38641,"_seopress_social_twitter_img_width":1280,"_seopress_social_twitter_img_height":720,"_seopress_redirections_value":"","_seopress_redirections_enabled":"","_seopress_redirections_enabled_regex":"","_seopress_redirections_logged_status":"both","_seopress_redirections_param":"","_seopress_redirections_type":301,"_seopress_analysis_target_kw":"","_seopress_news_disabled":"","_seopress_video_disabled":"","_seopress_video":[],"_seopress_pro_schemas_manual":[],"_seopress_pro_rich_snippets_disable_all":"","_seopress_pro_rich_snippets_disable":[],"_seopress_pro_schemas":[],"footnotes":""},"categories":[1],"post_tag":[71],"class_list":["post-38640","post","type-post","status-publish","format-standard","has-post-thumbnail","hentry","category-uncategorized","tag-page-town-halls"],"_links":{"self":[{"href":"https:\/\/www.curejm.org\/es\/wp-json\/wp\/v2\/posts\/38640","targetHints":{"allow":["GET"]}}],"collection":[{"href":"https:\/\/www.curejm.org\/es\/wp-json\/wp\/v2\/posts"}],"about":[{"href":"https:\/\/www.curejm.org\/es\/wp-json\/wp\/v2\/types\/post"}],"author":[{"embeddable":true,"href":"https:\/\/www.curejm.org\/es\/wp-json\/wp\/v2\/users\/24"}],"replies":[{"embeddable":true,"href":"https:\/\/www.curejm.org\/es\/wp-json\/wp\/v2\/comments?post=38640"}],"version-history":[{"count":0,"href":"https:\/\/www.curejm.org\/es\/wp-json\/wp\/v2\/posts\/38640\/revisions"}],"wp:featuredmedia":[{"embeddable":true,"href":"https:\/\/www.curejm.org\/es\/wp-json\/wp\/v2\/media\/38641"}],"wp:attachment":[{"href":"https:\/\/www.curejm.org\/es\/wp-json\/wp\/v2\/media?parent=38640"}],"wp:term":[{"taxonomy":"category","embeddable":true,"href":"https:\/\/www.curejm.org\/es\/wp-json\/wp\/v2\/categories?post=38640"},{"taxonomy":"post_tag","embeddable":true,"href":"https:\/\/www.curejm.org\/es\/wp-json\/wp\/v2\/post_tag?post=38640"}],"curies":[{"name":"wp","href":"https:\/\/api.w.org\/{rel}","templated":true}]}}