{"id":22228,"date":"2023-06-06T10:28:07","date_gmt":"2023-06-06T15:28:07","guid":{"rendered":"https:\/\/www.curejm.org\/?p=22228"},"modified":"2023-11-30T10:46:07","modified_gmt":"2023-11-30T15:46:07","slug":"preguntale-al-doctor-trucos-de-proteccion-solar-consejos-para-el-verano-2023","status":"publish","type":"post","link":"https:\/\/www.curejm.org\/es\/ask-the-doc-sun-protection-tricks-tips-for-summer-2023\/","title":{"rendered":"\"Ask the Doc\" - Trucos y consejos de protecci\u00f3n solar para el verano 2023"},"content":{"rendered":"<figure class=\"wp-block-embed is-type-video is-provider-youtube wp-block-embed-youtube wp-embed-aspect-16-9 wp-has-aspect-ratio\"><div class=\"wp-block-embed__wrapper\">\n<iframe title=\"La Dra. Angeles-Han y el Dr. Marathe presentar\u00e1n consejos y trucos de protecci\u00f3n solar para el verano\" width=\"800\" height=\"450\" src=\"https:\/\/www.youtube.com\/embed\/XCEBYh9xDWM?feature=oembed\" frameborder=\"0\" allow=\"accelerometer; autoplay; clipboard-write; encrypted-media; gyroscope; picture-in-picture; web-share\" allowfullscreen><\/iframe>\n<\/div><\/figure>\n\n\n\n<p class=\"wp-block-paragraph\">Con el verano a la vuelta de la esquina, tenemos el honor de compartir nuestro \"Ask the Doc\" Town Hall sobre consejos y trucos de protecci\u00f3n solar para el verano. En esta sesi\u00f3n, Shelia Angeles-Han, MD, MSc, y Kalyani Marathe, MD, MPH del Cincinnati Children's Hospital, comparten la importancia de la protecci\u00f3n solar para los pacientes con JM.<\/p>\n\n\n\n<p class=\"wp-block-paragraph\"><strong>Consejos y trucos para protegerse del sol: Lo que padres, abuelos y pacientes deben saber<\/strong><\/p>\n\n\n\n<p class=\"wp-block-paragraph\">\u00bfQu\u00e9 papel desempe\u00f1a la protecci\u00f3n solar en el control de la JM? \u00bfPodr\u00e1 mi hijo disfrutar de actividades al aire libre este verano con la enfermedad activa? \u00bfQu\u00e9 art\u00edculos de protecci\u00f3n solar ofrecen la mejor protecci\u00f3n?<\/p>\n\n\n\n<p class=\"wp-block-paragraph\">Haga clic arriba para ver la sesi\u00f3n completa y las preguntas y respuestas.<\/p>","protected":false},"excerpt":{"rendered":"<p>Con el verano a la vuelta de la esquina, tenemos el honor de compartir nuestro \u00faltimo \"Ask the Doc\" Town Hall sobre consejos y trucos de protecci\u00f3n solar para el verano. En esta sesi\u00f3n, Shelia Angeles-Han, MD, MSc, y Kalyani Marathe, MD, MPH del Cincinnati Children's Hospital, comparten la importancia de la protecci\u00f3n solar para los pacientes con JM.<\/p>\n<p>Consejos y trucos para protegerse del sol: Lo que padres, abuelos y pacientes deben saber<\/p>","protected":false},"author":24,"featured_media":22229,"comment_status":"closed","ping_status":"closed","sticky":false,"template":"","format":"standard","meta":{"_seopress_titles_title":"","_seopress_titles_desc":"","_seopress_robots_index":"","_seopress_robots_follow":"","_seopress_robots_imageindex":"","_seopress_robots_snippet":"","_seopress_robots_primary_cat":"none","_seopress_robots_breadcrumbs":"","_seopress_robots_freeze_modified_date":"","_seopress_robots_custom_modified_date":"","_seopress_robots_canonical":"","_seopress_social_fb_title":"","_seopress_social_fb_desc":"","_seopress_social_fb_img":"https:\/\/www.curejm.org\/wp-content\/uploads\/Town-Hall-sun-expose-1920x1080cc.jpg","_seopress_social_fb_img_attachment_id":22229,"_seopress_social_fb_img_width":1500,"_seopress_social_fb_img_height":844,"_seopress_social_twitter_title":"","_seopress_social_twitter_desc":"","_seopress_social_twitter_img":"","_seopress_social_twitter_img_attachment_id":0,"_seopress_social_twitter_img_width":0,"_seopress_social_twitter_img_height":0,"_seopress_redirections_value":"","_seopress_redirections_enabled":"","_seopress_redirections_enabled_regex":"","_seopress_redirections_logged_status":"both","_seopress_redirections_param":"","_seopress_redirections_type":301,"_seopress_analysis_target_kw":"","_seopress_news_disabled":"","_seopress_video_disabled":"","_seopress_video":[],"_seopress_pro_schemas_manual":[],"_seopress_pro_rich_snippets_disable_all":"","_seopress_pro_rich_snippets_disable":[],"_seopress_pro_schemas":[],"footnotes":""},"categories":[1],"post_tag":[67,71],"class_list":["post-22228","post","type-post","status-publish","format-standard","has-post-thumbnail","hentry","category-uncategorized","tag-format-video","tag-page-town-halls"],"_links":{"self":[{"href":"https:\/\/www.curejm.org\/es\/wp-json\/wp\/v2\/posts\/22228","targetHints":{"allow":["GET"]}}],"collection":[{"href":"https:\/\/www.curejm.org\/es\/wp-json\/wp\/v2\/posts"}],"about":[{"href":"https:\/\/www.curejm.org\/es\/wp-json\/wp\/v2\/types\/post"}],"author":[{"embeddable":true,"href":"https:\/\/www.curejm.org\/es\/wp-json\/wp\/v2\/users\/24"}],"replies":[{"embeddable":true,"href":"https:\/\/www.curejm.org\/es\/wp-json\/wp\/v2\/comments?post=22228"}],"version-history":[{"count":0,"href":"https:\/\/www.curejm.org\/es\/wp-json\/wp\/v2\/posts\/22228\/revisions"}],"wp:featuredmedia":[{"embeddable":true,"href":"https:\/\/www.curejm.org\/es\/wp-json\/wp\/v2\/media\/22229"}],"wp:attachment":[{"href":"https:\/\/www.curejm.org\/es\/wp-json\/wp\/v2\/media?parent=22228"}],"wp:term":[{"taxonomy":"category","embeddable":true,"href":"https:\/\/www.curejm.org\/es\/wp-json\/wp\/v2\/categories?post=22228"},{"taxonomy":"post_tag","embeddable":true,"href":"https:\/\/www.curejm.org\/es\/wp-json\/wp\/v2\/post_tag?post=22228"}],"curies":[{"name":"wp","href":"https:\/\/api.w.org\/{rel}","templated":true}]}}