{"id":102702,"date":"2026-01-30T10:11:45","date_gmt":"2026-01-30T15:11:45","guid":{"rendered":"https:\/\/www.curejm.org\/?p=102702"},"modified":"2026-04-02T10:13:36","modified_gmt":"2026-04-02T14:13:36","slug":"enero-de-2026-cure-jm-town-hall-seis-cambios-que-las-familias-notaran-en-2026","status":"publish","type":"post","link":"https:\/\/www.curejm.org\/es\/january-2026-cure-jm-town-hall-six-changes-families-will-see-in-2026\/","title":{"rendered":"Reuni\u00f3n p\u00fablica de Cure JM de enero de 2026: seis cambios que las familias ver\u00e1n en 2026"},"content":{"rendered":"<p>La reuni\u00f3n abierta de Cure JM de enero de 2026 tratar\u00e1 sobre los cambios que se avecinan para las familias este a\u00f1o: c\u00f3mo est\u00e1 evolucionando la atenci\u00f3n m\u00e9dica, qu\u00e9 oportunidades de investigaci\u00f3n est\u00e1n surgiendo y c\u00f3mo Cure JM les brinda apoyo m\u00e1s all\u00e1 de la cl\u00ednica.<\/p>\n\n\n\n<figure class=\"wp-block-embed is-type-video is-provider-youtube wp-block-embed-youtube wp-embed-aspect-16-9 wp-has-aspect-ratio\"><div class=\"wp-block-embed__wrapper\">\n<iframe title=\"Reuni\u00f3n p\u00fablica de Cure JM de enero de 2026: seis cambios que las familias ver\u00e1n en 2026\" width=\"800\" height=\"450\" src=\"https:\/\/www.youtube.com\/embed\/igWQTvC61VI?feature=oembed\" frameborder=\"0\" allow=\"accelerometer; autoplay; clipboard-write; encrypted-media; gyroscope; picture-in-picture; web-share\" referrerpolicy=\"strict-origin-when-cross-origin\" allowfullscreen><\/iframe>\n<\/div><\/figure>\n\n\n\n<p><strong>Modificaci\u00f3n #1: M\u00e1s lugares donde recibir atenci\u00f3n especializada de JM<\/strong><\/p>\n\n\n\n<p><strong>Red de Atenci\u00f3n Cl\u00ednica Cure JM \u2013 <\/strong><em>una comunidad colaborativa de m\u00e9dicos comprometidos, unidos por una misi\u00f3n com\u00fan: mejores tratamientos y una cura para la miositis juvenil.<\/em><\/p>\n\n\n\n<p><strong>Cambio #2: Una atenci\u00f3n m\u00e1s fluida en todas las etapas de la vida<\/strong><\/p>\n\n\n\n<p>El personal, la junta directiva, el consejo de j\u00f3venes adultos y los miembros de la CCN de Cure JM est\u00e1n trabajando juntos para crear un recurso espec\u00edfico para la JM que ayude a las familias a afrontar la transici\u00f3n de la atenci\u00f3n pedi\u00e1trica a la atenci\u00f3n para adultos.<\/p>\n\n\n\n<p><strong>Modificaci\u00f3n #3: M\u00e1s ensayos cl\u00ednicos y opciones de tratamiento<\/strong><\/p>\n\n\n\n<div class=\"wp-block-columns is-layout-flex wp-container-core-columns-is-layout-28f84493 wp-block-columns-is-layout-flex\">\n<div class=\"wp-block-column is-layout-flow wp-block-column-is-layout-flow\">\n<p><strong>Ensayos cl\u00ednicos con inscripci\u00f3n abierta<\/strong><\/p>\n\n\n\n<ul class=\"wp-block-list\">\n<li><strong>CAR-T <\/strong>(Cabaletta)<\/li>\n\n\n\n<li><strong>CAR-T <\/strong>(Cartesiano)<\/li>\n\n\n\n<li><strong>Anifrolumab<\/strong><\/li>\n<\/ul>\n<\/div>\n\n\n\n<div class=\"wp-block-column is-layout-flow wp-block-column-is-layout-flow\">\n<p><strong>Pr\u00f3ximamente se abrir\u00e1n nuevos estudios<\/strong><\/p>\n\n\n\n<ul class=\"wp-block-list\">\n<li><strong>Estudio FAST <\/strong>(Nutrici\u00f3n)<\/li>\n\n\n\n<li><strong>Nuevas v\u00edas terap\u00e9uticas en fase de investigaci\u00f3n<\/strong><\/li>\n\n\n\n<li>Anticuerpos monoclonales<\/li>\n\n\n\n<li>Inhibidores de JAK<\/li>\n<\/ul>\n<\/div>\n<\/div>\n\n\n\n<p><strong>Modificaci\u00f3n #4: M\u00e9dicos de medicina general mejor formados<\/strong><\/p>\n\n\n\n<p>Actualmente, Cure JM financia: <strong>Becas, ayudas para gastos de viaje, subvenciones para investigadores noveles, c\u00e1tedras de profesor visitante, subvenciones \u00abMiracle\u00bb y el programa de preparaci\u00f3n para ensayos cl\u00ednicos.<\/strong><\/p>\n\n\n\n<p><strong>Cambio #5: M\u00e1s formas de conectarse en persona<\/strong><\/p>\n\n\n\n<ol class=\"wp-block-list\">\n<li>Los miembros de Cure JM + CCN est\u00e1n organizando 20 jornadas familiares locales y conferencias regionales en todo Estados Unidos<\/li>\n\n\n\n<li>Encuentra a tu gente. Alimenta tu lucha.<\/li>\n\n\n\n<li>www.curejm.org\/educationalfamilyevents\/<\/li>\n<\/ol>\n\n\n\n<p><strong>Cambio #6: Mayor apoyo a la comunidad local<\/strong><\/p>\n\n\n\n<p><strong>Cap\u00edtulos:<\/strong> Las delegaciones locales est\u00e1n creciendo y ofrecen a las familias apoyo, formaci\u00f3n y oportunidades de relacionarse cerca de casa.<br><strong>Camina con fuerza: <\/strong>Los eventos \u00abWalk Strong\u00bb re\u00fanen a familias, profesionales de la salud y voluntarios con el fin de recaudar fondos y crear conciencia en sus comunidades.<br><strong>Reto navide\u00f1o: <\/strong>El Reto Navide\u00f1o pone de manifiesto el impacto que tiene la recaudaci\u00f3n de fondos impulsada por la comunidad en la investigaci\u00f3n, la atenci\u00f3n sanitaria y el apoyo a las familias.<br><\/p>\n\n\n\n<p><\/p>","protected":false},"excerpt":{"rendered":"<p>The January 2026 Cure JM Town Hall is about what\u2019s changing for families this year\u2014how care is evolving, what research opportunities are emerging, and how Cure JM is supporting you beyond the clinic. Change #1: More Places to Get Expert JM Care The Cure JM Clinical Care Network &#8211; a collaborative community of devoted clinicians, [&hellip;]<\/p>\n","protected":false},"author":24,"featured_media":102706,"comment_status":"closed","ping_status":"closed","sticky":false,"template":"","format":"standard","meta":{"_seopress_robots_primary_cat":"none","_seopress_titles_title":"","_seopress_titles_desc":"","_seopress_robots_index":"","footnotes":""},"categories":[77,82],"post_tag":[71],"class_list":["post-102702","post","type-post","status-publish","format-standard","has-post-thumbnail","hentry","category-clinicians","category-families","tag-page-town-halls"],"_links":{"self":[{"href":"https:\/\/www.curejm.org\/es\/wp-json\/wp\/v2\/posts\/102702","targetHints":{"allow":["GET"]}}],"collection":[{"href":"https:\/\/www.curejm.org\/es\/wp-json\/wp\/v2\/posts"}],"about":[{"href":"https:\/\/www.curejm.org\/es\/wp-json\/wp\/v2\/types\/post"}],"author":[{"embeddable":true,"href":"https:\/\/www.curejm.org\/es\/wp-json\/wp\/v2\/users\/24"}],"replies":[{"embeddable":true,"href":"https:\/\/www.curejm.org\/es\/wp-json\/wp\/v2\/comments?post=102702"}],"version-history":[{"count":1,"href":"https:\/\/www.curejm.org\/es\/wp-json\/wp\/v2\/posts\/102702\/revisions"}],"predecessor-version":[{"id":102704,"href":"https:\/\/www.curejm.org\/es\/wp-json\/wp\/v2\/posts\/102702\/revisions\/102704"}],"wp:featuredmedia":[{"embeddable":true,"href":"https:\/\/www.curejm.org\/es\/wp-json\/wp\/v2\/media\/102706"}],"wp:attachment":[{"href":"https:\/\/www.curejm.org\/es\/wp-json\/wp\/v2\/media?parent=102702"}],"wp:term":[{"taxonomy":"category","embeddable":true,"href":"https:\/\/www.curejm.org\/es\/wp-json\/wp\/v2\/categories?post=102702"},{"taxonomy":"post_tag","embeddable":true,"href":"https:\/\/www.curejm.org\/es\/wp-json\/wp\/v2\/post_tag?post=102702"}],"curies":[{"name":"wp","href":"https:\/\/api.w.org\/{rel}","templated":true}]}}